{"id":7444,"date":"2025-05-26T20:39:11","date_gmt":"2025-05-26T17:39:11","guid":{"rendered":"https:\/\/turkmaarifkoleji.org\/?p=7444"},"modified":"2025-05-26T20:39:11","modified_gmt":"2025-05-26T17:39:11","slug":"ecem-nehir-celikten-turkiye-ikinciligi","status":"publish","type":"post","link":"https:\/\/turkmaarifkoleji.org\/en\/ecem-nehir-celikten-turkiye-ikinciligi\/","title":{"rendered":"Ecem Nehir \u00c7elik\u2019ten T\u00fcrkiye ikincili\u011fi"},"content":{"rendered":"<div dir=\"auto\">Sivas\u2019ta d\u00fczenlenen MEB GEN\u00c7LER Atletizm yar\u0131\u015flar\u0131nda \u00f6\u011frencimiz Ecem Nehir \u00c7elik, uzun atlama bran\u015f\u0131nda 5.82\u2019lik dercesiyle \u015fu ana kadar elde etti\u011fi en iyi derecesini atlayarak T\u00dcRK\u0130YE \u0130K\u0130NC\u0130S\u0130 olmu\u015ftur. Arkadan esen r\u00fczgar\u0131n h\u0131z\u0131 saniyede 2.00 metreyi a\u015ft\u0131\u011f\u0131 i\u00e7in bu derece rekor say\u0131lmam\u0131\u015ft\u0131r ancak en iyi derece olarak tarihe ge\u00e7mi\u015ftir.<\/div>\n<div dir=\"auto\">Daha nice g\u00fczel ba\u015far\u0131lara Ecem\u2026<\/div>","protected":false},"excerpt":{"rendered":"<p>Sivas\u2019ta d\u00fczenlenen MEB GEN\u00c7LER Atletizm yar\u0131\u015flar\u0131nda \u00f6\u011frencimiz Ecem Nehir \u00c7elik, uzun atlama bran\u015f\u0131nda 5.82\u2019lik dercesiyle \u015fu ana kadar elde etti\u011fi en iyi derecesini atlayarak T\u00dcRK\u0130YE \u0130K\u0130NC\u0130S\u0130 olmu\u015ftur. Arkadan esen r\u00fczgar\u0131n h\u0131z\u0131 saniyede 2.00 metreyi a\u015ft\u0131\u011f\u0131 i\u00e7in bu derece rekor say\u0131lmam\u0131\u015ft\u0131r ancak en iyi derece olarak tarihe ge\u00e7mi\u015ftir. Daha nice g\u00fczel ba\u015far\u0131lara Ecem\u2026<\/p>","protected":false},"author":1,"featured_media":7445,"comment_status":"closed","ping_status":"open","sticky":false,"template":"","format":"standard","meta":{"_kad_post_transparent":"default","_kad_post_title":"default","_kad_post_layout":"default","_kad_post_sidebar_id":"","_kad_post_content_style":"default","_kad_post_vertical_padding":"default","_kad_post_feature":"","_kad_post_feature_position":"","_kad_post_header":false,"_kad_post_footer":false,"footnotes":""},"categories":[6],"tags":[],"class_list":["post-7444","post","type-post","status-publish","format-standard","has-post-thumbnail","hentry","category-haber"],"yoast_head":"<!-- This site is optimized with the Yoast SEO plugin v25.9 - https:\/\/yoast.com\/wordpress\/plugins\/seo\/ -->\n<title>Ecem Nehir \u00c7elik\u2019ten T\u00fcrkiye ikincili\u011fi - T\u00fcrk Maarif Koleji<\/title>\n<meta name=\"robots\" content=\"index, follow, max-snippet:-1, max-image-preview:large, max-video-preview:-1\" \/>\n<link rel=\"canonical\" href=\"https:\/\/turkmaarifkoleji.org\/en\/ecem-nehir-celikten-turkiye-ikinciligi\/\" \/>\n<meta property=\"og:locale\" content=\"en_US\" \/>\n<meta property=\"og:type\" content=\"article\" \/>\n<meta property=\"og:title\" content=\"Ecem Nehir \u00c7elik\u2019ten T\u00fcrkiye ikincili\u011fi - T\u00fcrk Maarif Koleji\" \/>\n<meta property=\"og:description\" content=\"Sivas\u2019ta d\u00fczenlenen MEB GEN\u00c7LER Atletizm yar\u0131\u015flar\u0131nda \u00f6\u011frencimiz Ecem Nehir \u00c7elik, uzun atlama bran\u015f\u0131nda 5.82\u2019lik dercesiyle \u015fu ana kadar elde etti\u011fi en iyi derecesini atlayarak T\u00dcRK\u0130YE \u0130K\u0130NC\u0130S\u0130 olmu\u015ftur. Arkadan esen r\u00fczgar\u0131n h\u0131z\u0131 saniyede 2.00 metreyi a\u015ft\u0131\u011f\u0131 i\u00e7in bu derece rekor say\u0131lmam\u0131\u015ft\u0131r ancak en iyi derece olarak tarihe ge\u00e7mi\u015ftir. Daha nice g\u00fczel ba\u015far\u0131lara Ecem\u2026\" \/>\n<meta property=\"og:url\" content=\"https:\/\/turkmaarifkoleji.org\/en\/ecem-nehir-celikten-turkiye-ikinciligi\/\" \/>\n<meta property=\"og:site_name\" content=\"T\u00fcrk Maarif Koleji\" \/>\n<meta property=\"article:publisher\" content=\"https:\/\/www.facebook.com\/tmkcyprus\/\" \/>\n<meta property=\"article:published_time\" content=\"2025-05-26T17:39:11+00:00\" \/>\n<meta property=\"og:image\" content=\"https:\/\/turkmaarifkoleji.org\/wp-content\/uploads\/2025\/05\/ecem_celik_nehir.jpg\" \/>\n\t<meta property=\"og:image:width\" content=\"1536\" \/>\n\t<meta property=\"og:image:height\" content=\"2048\" \/>\n\t<meta property=\"og:image:type\" content=\"image\/jpeg\" \/>\n<meta name=\"author\" content=\"tmk\" \/>\n<meta name=\"twitter:card\" content=\"summary_large_image\" \/>\n<meta name=\"twitter:label1\" content=\"Written by\" \/>\n\t<meta name=\"twitter:data1\" content=\"tmk\" \/>\n\t<meta name=\"twitter:label2\" content=\"Est. reading time\" \/>\n\t<meta name=\"twitter:data2\" content=\"1 minute\" \/>\n<script type=\"application\/ld+json\" class=\"yoast-schema-graph\">{\"@context\":\"https:\/\/schema.org\",\"@graph\":[{\"@type\":\"Article\",\"@id\":\"https:\/\/turkmaarifkoleji.org\/ecem-nehir-celikten-turkiye-ikinciligi\/#article\",\"isPartOf\":{\"@id\":\"https:\/\/turkmaarifkoleji.org\/ecem-nehir-celikten-turkiye-ikinciligi\/\"},\"author\":{\"name\":\"tmk\",\"@id\":\"https:\/\/turkmaarifkoleji.org\/en\/#\/schema\/person\/e067ef4acf320b5b1a44aff4fa64e7e8\"},\"headline\":\"Ecem Nehir \u00c7elik\u2019ten T\u00fcrkiye ikincili\u011fi\",\"datePublished\":\"2025-05-26T17:39:11+00:00\",\"mainEntityOfPage\":{\"@id\":\"https:\/\/turkmaarifkoleji.org\/ecem-nehir-celikten-turkiye-ikinciligi\/\"},\"wordCount\":84,\"publisher\":{\"@id\":\"https:\/\/turkmaarifkoleji.org\/en\/#organization\"},\"image\":{\"@id\":\"https:\/\/turkmaarifkoleji.org\/ecem-nehir-celikten-turkiye-ikinciligi\/#primaryimage\"},\"thumbnailUrl\":\"https:\/\/turkmaarifkoleji.org\/wp-content\/uploads\/2025\/05\/ecem_celik_nehir.jpg\",\"articleSection\":[\"Haber\"],\"inLanguage\":\"en-US\"},{\"@type\":\"WebPage\",\"@id\":\"https:\/\/turkmaarifkoleji.org\/ecem-nehir-celikten-turkiye-ikinciligi\/\",\"url\":\"https:\/\/turkmaarifkoleji.org\/ecem-nehir-celikten-turkiye-ikinciligi\/\",\"name\":\"Ecem Nehir \u00c7elik\u2019ten T\u00fcrkiye ikincili\u011fi - T\u00fcrk Maarif Koleji\",\"isPartOf\":{\"@id\":\"https:\/\/turkmaarifkoleji.org\/en\/#website\"},\"primaryImageOfPage\":{\"@id\":\"https:\/\/turkmaarifkoleji.org\/ecem-nehir-celikten-turkiye-ikinciligi\/#primaryimage\"},\"image\":{\"@id\":\"https:\/\/turkmaarifkoleji.org\/ecem-nehir-celikten-turkiye-ikinciligi\/#primaryimage\"},\"thumbnailUrl\":\"https:\/\/turkmaarifkoleji.org\/wp-content\/uploads\/2025\/05\/ecem_celik_nehir.jpg\",\"datePublished\":\"2025-05-26T17:39:11+00:00\",\"breadcrumb\":{\"@id\":\"https:\/\/turkmaarifkoleji.org\/ecem-nehir-celikten-turkiye-ikinciligi\/#breadcrumb\"},\"inLanguage\":\"en-US\",\"potentialAction\":[{\"@type\":\"ReadAction\",\"target\":[\"https:\/\/turkmaarifkoleji.org\/ecem-nehir-celikten-turkiye-ikinciligi\/\"]}]},{\"@type\":\"ImageObject\",\"inLanguage\":\"en-US\",\"@id\":\"https:\/\/turkmaarifkoleji.org\/ecem-nehir-celikten-turkiye-ikinciligi\/#primaryimage\",\"url\":\"https:\/\/turkmaarifkoleji.org\/wp-content\/uploads\/2025\/05\/ecem_celik_nehir.jpg\",\"contentUrl\":\"https:\/\/turkmaarifkoleji.org\/wp-content\/uploads\/2025\/05\/ecem_celik_nehir.jpg\",\"width\":1536,\"height\":2048,\"caption\":\"ecem_celik_nehir\"},{\"@type\":\"BreadcrumbList\",\"@id\":\"https:\/\/turkmaarifkoleji.org\/ecem-nehir-celikten-turkiye-ikinciligi\/#breadcrumb\",\"itemListElement\":[{\"@type\":\"ListItem\",\"position\":1,\"name\":\"Anasayfa\",\"item\":\"https:\/\/turkmaarifkoleji.org\/\"},{\"@type\":\"ListItem\",\"position\":2,\"name\":\"Ecem Nehir \u00c7elik\u2019ten T\u00fcrkiye ikincili\u011fi\"}]},{\"@type\":\"WebSite\",\"@id\":\"https:\/\/turkmaarifkoleji.org\/en\/#website\",\"url\":\"https:\/\/turkmaarifkoleji.org\/en\/\",\"name\":\"T\u00fcrk Maarif Koleji\",\"description\":\"D\u00fcnyaya A\u00e7\u0131lan Kap\u0131\",\"publisher\":{\"@id\":\"https:\/\/turkmaarifkoleji.org\/en\/#organization\"},\"potentialAction\":[{\"@type\":\"SearchAction\",\"target\":{\"@type\":\"EntryPoint\",\"urlTemplate\":\"https:\/\/turkmaarifkoleji.org\/en\/?s={search_term_string}\"},\"query-input\":{\"@type\":\"PropertyValueSpecification\",\"valueRequired\":true,\"valueName\":\"search_term_string\"}}],\"inLanguage\":\"en-US\"},{\"@type\":\"Organization\",\"@id\":\"https:\/\/turkmaarifkoleji.org\/en\/#organization\",\"name\":\"T\u00fcrk Maarif Koleji\",\"alternateName\":\"TMK\",\"url\":\"https:\/\/turkmaarifkoleji.org\/en\/\",\"logo\":{\"@type\":\"ImageObject\",\"inLanguage\":\"en-US\",\"@id\":\"https:\/\/turkmaarifkoleji.org\/en\/#\/schema\/logo\/image\/\",\"url\":\"https:\/\/turkmaarifkoleji.org\/wp-content\/uploads\/2023\/08\/Turk_Maarif_Koleji-1.svg\",\"contentUrl\":\"https:\/\/turkmaarifkoleji.org\/wp-content\/uploads\/2023\/08\/Turk_Maarif_Koleji-1.svg\",\"width\":120,\"height\":160,\"caption\":\"T\u00fcrk Maarif Koleji\"},\"image\":{\"@id\":\"https:\/\/turkmaarifkoleji.org\/en\/#\/schema\/logo\/image\/\"},\"sameAs\":[\"https:\/\/www.facebook.com\/tmkcyprus\/\",\"https:\/\/www.instagram.com\/turkmaarifkolejitmk\/\"]},{\"@type\":\"Person\",\"@id\":\"https:\/\/turkmaarifkoleji.org\/en\/#\/schema\/person\/e067ef4acf320b5b1a44aff4fa64e7e8\",\"name\":\"tmk\",\"image\":{\"@type\":\"ImageObject\",\"inLanguage\":\"en-US\",\"@id\":\"https:\/\/turkmaarifkoleji.org\/en\/#\/schema\/person\/image\/\",\"url\":\"https:\/\/secure.gravatar.com\/avatar\/f02b16645d4024804b9f447d1dacdc312f0f8c162706d7ed2479e20148949009?s=96&d=mm&r=g\",\"contentUrl\":\"https:\/\/secure.gravatar.com\/avatar\/f02b16645d4024804b9f447d1dacdc312f0f8c162706d7ed2479e20148949009?s=96&d=mm&r=g\",\"caption\":\"tmk\"},\"sameAs\":[\"https:\/\/turkmaarifkoleji.org\"],\"url\":\"https:\/\/turkmaarifkoleji.org\/en\/author\/tmk\/\"}]}<\/script>\n<!-- \/ Yoast SEO plugin. -->","yoast_head_json":{"title":"Ecem Nehir \u00c7elik\u2019ten T\u00fcrkiye ikincili\u011fi - T\u00fcrk Maarif Koleji","robots":{"index":"index","follow":"follow","max-snippet":"max-snippet:-1","max-image-preview":"max-image-preview:large","max-video-preview":"max-video-preview:-1"},"canonical":"https:\/\/turkmaarifkoleji.org\/en\/ecem-nehir-celikten-turkiye-ikinciligi\/","og_locale":"en_US","og_type":"article","og_title":"Ecem Nehir \u00c7elik\u2019ten T\u00fcrkiye ikincili\u011fi - T\u00fcrk Maarif Koleji","og_description":"Sivas\u2019ta d\u00fczenlenen MEB GEN\u00c7LER Atletizm yar\u0131\u015flar\u0131nda \u00f6\u011frencimiz Ecem Nehir \u00c7elik, uzun atlama bran\u015f\u0131nda 5.82\u2019lik dercesiyle \u015fu ana kadar elde etti\u011fi en iyi derecesini atlayarak T\u00dcRK\u0130YE \u0130K\u0130NC\u0130S\u0130 olmu\u015ftur. Arkadan esen r\u00fczgar\u0131n h\u0131z\u0131 saniyede 2.00 metreyi a\u015ft\u0131\u011f\u0131 i\u00e7in bu derece rekor say\u0131lmam\u0131\u015ft\u0131r ancak en iyi derece olarak tarihe ge\u00e7mi\u015ftir. Daha nice g\u00fczel ba\u015far\u0131lara Ecem\u2026","og_url":"https:\/\/turkmaarifkoleji.org\/en\/ecem-nehir-celikten-turkiye-ikinciligi\/","og_site_name":"T\u00fcrk Maarif Koleji","article_publisher":"https:\/\/www.facebook.com\/tmkcyprus\/","article_published_time":"2025-05-26T17:39:11+00:00","og_image":[{"width":1536,"height":2048,"url":"https:\/\/turkmaarifkoleji.org\/wp-content\/uploads\/2025\/05\/ecem_celik_nehir.jpg","type":"image\/jpeg"}],"author":"tmk","twitter_card":"summary_large_image","twitter_misc":{"Written by":"tmk","Est. reading time":"1 minute"},"schema":{"@context":"https:\/\/schema.org","@graph":[{"@type":"Article","@id":"https:\/\/turkmaarifkoleji.org\/ecem-nehir-celikten-turkiye-ikinciligi\/#article","isPartOf":{"@id":"https:\/\/turkmaarifkoleji.org\/ecem-nehir-celikten-turkiye-ikinciligi\/"},"author":{"name":"tmk","@id":"https:\/\/turkmaarifkoleji.org\/en\/#\/schema\/person\/e067ef4acf320b5b1a44aff4fa64e7e8"},"headline":"Ecem Nehir \u00c7elik\u2019ten T\u00fcrkiye ikincili\u011fi","datePublished":"2025-05-26T17:39:11+00:00","mainEntityOfPage":{"@id":"https:\/\/turkmaarifkoleji.org\/ecem-nehir-celikten-turkiye-ikinciligi\/"},"wordCount":84,"publisher":{"@id":"https:\/\/turkmaarifkoleji.org\/en\/#organization"},"image":{"@id":"https:\/\/turkmaarifkoleji.org\/ecem-nehir-celikten-turkiye-ikinciligi\/#primaryimage"},"thumbnailUrl":"https:\/\/turkmaarifkoleji.org\/wp-content\/uploads\/2025\/05\/ecem_celik_nehir.jpg","articleSection":["Haber"],"inLanguage":"en-US"},{"@type":"WebPage","@id":"https:\/\/turkmaarifkoleji.org\/ecem-nehir-celikten-turkiye-ikinciligi\/","url":"https:\/\/turkmaarifkoleji.org\/ecem-nehir-celikten-turkiye-ikinciligi\/","name":"Ecem Nehir \u00c7elik\u2019ten T\u00fcrkiye ikincili\u011fi - T\u00fcrk Maarif Koleji","isPartOf":{"@id":"https:\/\/turkmaarifkoleji.org\/en\/#website"},"primaryImageOfPage":{"@id":"https:\/\/turkmaarifkoleji.org\/ecem-nehir-celikten-turkiye-ikinciligi\/#primaryimage"},"image":{"@id":"https:\/\/turkmaarifkoleji.org\/ecem-nehir-celikten-turkiye-ikinciligi\/#primaryimage"},"thumbnailUrl":"https:\/\/turkmaarifkoleji.org\/wp-content\/uploads\/2025\/05\/ecem_celik_nehir.jpg","datePublished":"2025-05-26T17:39:11+00:00","breadcrumb":{"@id":"https:\/\/turkmaarifkoleji.org\/ecem-nehir-celikten-turkiye-ikinciligi\/#breadcrumb"},"inLanguage":"en-US","potentialAction":[{"@type":"ReadAction","target":["https:\/\/turkmaarifkoleji.org\/ecem-nehir-celikten-turkiye-ikinciligi\/"]}]},{"@type":"ImageObject","inLanguage":"en-US","@id":"https:\/\/turkmaarifkoleji.org\/ecem-nehir-celikten-turkiye-ikinciligi\/#primaryimage","url":"https:\/\/turkmaarifkoleji.org\/wp-content\/uploads\/2025\/05\/ecem_celik_nehir.jpg","contentUrl":"https:\/\/turkmaarifkoleji.org\/wp-content\/uploads\/2025\/05\/ecem_celik_nehir.jpg","width":1536,"height":2048,"caption":"ecem_celik_nehir"},{"@type":"BreadcrumbList","@id":"https:\/\/turkmaarifkoleji.org\/ecem-nehir-celikten-turkiye-ikinciligi\/#breadcrumb","itemListElement":[{"@type":"ListItem","position":1,"name":"Anasayfa","item":"https:\/\/turkmaarifkoleji.org\/"},{"@type":"ListItem","position":2,"name":"Ecem Nehir \u00c7elik\u2019ten T\u00fcrkiye ikincili\u011fi"}]},{"@type":"WebSite","@id":"https:\/\/turkmaarifkoleji.org\/en\/#website","url":"https:\/\/turkmaarifkoleji.org\/en\/","name":"T\u00fcrk Maarif College","description":"A Gateway to the World","publisher":{"@id":"https:\/\/turkmaarifkoleji.org\/en\/#organization"},"potentialAction":[{"@type":"SearchAction","target":{"@type":"EntryPoint","urlTemplate":"https:\/\/turkmaarifkoleji.org\/en\/?s={search_term_string}"},"query-input":{"@type":"PropertyValueSpecification","valueRequired":true,"valueName":"search_term_string"}}],"inLanguage":"en-US"},{"@type":"Organization","@id":"https:\/\/turkmaarifkoleji.org\/en\/#organization","name":"T\u00fcrk Maarif College","alternateName":"TMK","url":"https:\/\/turkmaarifkoleji.org\/en\/","logo":{"@type":"ImageObject","inLanguage":"en-US","@id":"https:\/\/turkmaarifkoleji.org\/en\/#\/schema\/logo\/image\/","url":"https:\/\/turkmaarifkoleji.org\/wp-content\/uploads\/2023\/08\/Turk_Maarif_Koleji-1.svg","contentUrl":"https:\/\/turkmaarifkoleji.org\/wp-content\/uploads\/2023\/08\/Turk_Maarif_Koleji-1.svg","width":120,"height":160,"caption":"T\u00fcrk Maarif Koleji"},"image":{"@id":"https:\/\/turkmaarifkoleji.org\/en\/#\/schema\/logo\/image\/"},"sameAs":["https:\/\/www.facebook.com\/tmkcyprus\/","https:\/\/www.instagram.com\/turkmaarifkolejitmk\/"]},{"@type":"Person","@id":"https:\/\/turkmaarifkoleji.org\/en\/#\/schema\/person\/e067ef4acf320b5b1a44aff4fa64e7e8","name":"tmk","image":{"@type":"ImageObject","inLanguage":"en-US","@id":"https:\/\/turkmaarifkoleji.org\/en\/#\/schema\/person\/image\/","url":"https:\/\/secure.gravatar.com\/avatar\/f02b16645d4024804b9f447d1dacdc312f0f8c162706d7ed2479e20148949009?s=96&d=mm&r=g","contentUrl":"https:\/\/secure.gravatar.com\/avatar\/f02b16645d4024804b9f447d1dacdc312f0f8c162706d7ed2479e20148949009?s=96&d=mm&r=g","caption":"tmk"},"sameAs":["https:\/\/turkmaarifkoleji.org"],"url":"https:\/\/turkmaarifkoleji.org\/en\/author\/tmk\/"}]}},"_links":{"self":[{"href":"https:\/\/turkmaarifkoleji.org\/en\/wp-json\/wp\/v2\/posts\/7444","targetHints":{"allow":["GET"]}}],"collection":[{"href":"https:\/\/turkmaarifkoleji.org\/en\/wp-json\/wp\/v2\/posts"}],"about":[{"href":"https:\/\/turkmaarifkoleji.org\/en\/wp-json\/wp\/v2\/types\/post"}],"author":[{"embeddable":true,"href":"https:\/\/turkmaarifkoleji.org\/en\/wp-json\/wp\/v2\/users\/1"}],"replies":[{"embeddable":true,"href":"https:\/\/turkmaarifkoleji.org\/en\/wp-json\/wp\/v2\/comments?post=7444"}],"version-history":[{"count":0,"href":"https:\/\/turkmaarifkoleji.org\/en\/wp-json\/wp\/v2\/posts\/7444\/revisions"}],"wp:featuredmedia":[{"embeddable":true,"href":"https:\/\/turkmaarifkoleji.org\/en\/wp-json\/wp\/v2\/media\/7445"}],"wp:attachment":[{"href":"https:\/\/turkmaarifkoleji.org\/en\/wp-json\/wp\/v2\/media?parent=7444"}],"wp:term":[{"taxonomy":"category","embeddable":true,"href":"https:\/\/turkmaarifkoleji.org\/en\/wp-json\/wp\/v2\/categories?post=7444"},{"taxonomy":"post_tag","embeddable":true,"href":"https:\/\/turkmaarifkoleji.org\/en\/wp-json\/wp\/v2\/tags?post=7444"}],"curies":[{"name":"wp","href":"https:\/\/api.w.org\/{rel}","templated":true}]}}