{"id":6946,"date":"2024-10-17T19:37:21","date_gmt":"2024-10-17T16:37:21","guid":{"rendered":"https:\/\/turkmaarifkoleji.org\/?p=6946"},"modified":"2024-10-17T19:37:21","modified_gmt":"2024-10-17T16:37:21","slug":"tmk-halk-danslari-kulubu","status":"publish","type":"post","link":"https:\/\/turkmaarifkoleji.org\/en\/tmk-halk-danslari-kulubu\/","title":{"rendered":"TMK Halk Danslar\u0131 Kul\u00fcb\u00fc"},"content":{"rendered":"<p><span class=\"x193iq5w xeuugli x13faqbe x1vvkbs x1xmvt09 x1lliihq x1s928wv xhkezso x1gmr53x x1cpjm7i x1fgarty x1943h6x xudqn12 x3x7a5m x6prxxf xvq8zen xo1l8bm xzsf02u\" dir=\"auto\">TMK Halk Danslar\u0131 Kul\u00fcb\u00fc 2024-2025 E\u011fitim ve \u00d6\u011fretim Y\u0131l\u0131 \u00e7al\u0131\u015fmalar\u0131na ba\u015flam\u0131\u015ft\u0131r. <\/span><\/p>\n<p><span class=\"x193iq5w xeuugli x13faqbe x1vvkbs x1xmvt09 x1lliihq x1s928wv xhkezso x1gmr53x x1cpjm7i x1fgarty x1943h6x xudqn12 x3x7a5m x6prxxf xvq8zen xo1l8bm xzsf02u\" dir=\"auto\">Kat\u0131lmak isteyen \u00f6\u011frencilerimiz okul sekreterli\u011finden kay\u0131t yapabilir<\/span><\/p>\n<p><img fetchpriority=\"high\" decoding=\"async\" class=\"size-medium wp-image-6947 aligncenter\" src=\"https:\/\/turkmaarifkoleji.org\/wp-content\/uploads\/2024\/10\/halk-dans-300x226.jpg\" alt=\"halk dans\" width=\"300\" height=\"226\" srcset=\"https:\/\/turkmaarifkoleji.org\/wp-content\/uploads\/2024\/10\/halk-dans-300x226.jpg 300w, https:\/\/turkmaarifkoleji.org\/wp-content\/uploads\/2024\/10\/halk-dans-1024x771.jpg 1024w, https:\/\/turkmaarifkoleji.org\/wp-content\/uploads\/2024\/10\/halk-dans-768x578.jpg 768w, https:\/\/turkmaarifkoleji.org\/wp-content\/uploads\/2024\/10\/halk-dans-1536x1157.jpg 1536w, https:\/\/turkmaarifkoleji.org\/wp-content\/uploads\/2024\/10\/halk-dans-16x12.jpg 16w, https:\/\/turkmaarifkoleji.org\/wp-content\/uploads\/2024\/10\/halk-dans.jpg 2040w\" sizes=\"(max-width: 300px) 100vw, 300px\" \/><\/p>","protected":false},"excerpt":{"rendered":"<p>TMK Halk Danslar\u0131 Kul\u00fcb\u00fc 2024-2025 E\u011fitim ve \u00d6\u011fretim Y\u0131l\u0131 \u00e7al\u0131\u015fmalar\u0131na ba\u015flam\u0131\u015ft\u0131r. Kat\u0131lmak isteyen \u00f6\u011frencilerimiz okul sekreterli\u011finden kay\u0131t yapabilir<\/p>","protected":false},"author":1,"featured_media":0,"comment_status":"closed","ping_status":"open","sticky":false,"template":"","format":"standard","meta":{"_kad_post_transparent":"default","_kad_post_title":"default","_kad_post_layout":"default","_kad_post_sidebar_id":"","_kad_post_content_style":"default","_kad_post_vertical_padding":"default","_kad_post_feature":"","_kad_post_feature_position":"","_kad_post_header":false,"_kad_post_footer":false,"footnotes":""},"categories":[1],"tags":[],"class_list":["post-6946","post","type-post","status-publish","format-standard","hentry","category-duyuru"],"yoast_head":"<!-- This site is optimized with the Yoast SEO plugin v25.9 - https:\/\/yoast.com\/wordpress\/plugins\/seo\/ -->\n<title>TMK Halk Danslar\u0131 Kul\u00fcb\u00fc - T\u00fcrk Maarif Koleji<\/title>\n<meta name=\"robots\" content=\"index, follow, max-snippet:-1, max-image-preview:large, max-video-preview:-1\" \/>\n<link rel=\"canonical\" href=\"https:\/\/turkmaarifkoleji.org\/en\/tmk-halk-danslari-kulubu\/\" \/>\n<meta property=\"og:locale\" content=\"en_US\" \/>\n<meta property=\"og:type\" content=\"article\" \/>\n<meta property=\"og:title\" content=\"TMK Halk Danslar\u0131 Kul\u00fcb\u00fc - T\u00fcrk Maarif Koleji\" \/>\n<meta property=\"og:description\" content=\"TMK Halk Danslar\u0131 Kul\u00fcb\u00fc 2024-2025 E\u011fitim ve \u00d6\u011fretim Y\u0131l\u0131 \u00e7al\u0131\u015fmalar\u0131na ba\u015flam\u0131\u015ft\u0131r. Kat\u0131lmak isteyen \u00f6\u011frencilerimiz okul sekreterli\u011finden kay\u0131t yapabilir\" \/>\n<meta property=\"og:url\" content=\"https:\/\/turkmaarifkoleji.org\/en\/tmk-halk-danslari-kulubu\/\" \/>\n<meta property=\"og:site_name\" content=\"T\u00fcrk Maarif Koleji\" \/>\n<meta property=\"article:publisher\" content=\"https:\/\/www.facebook.com\/tmkcyprus\/\" \/>\n<meta property=\"article:published_time\" content=\"2024-10-17T16:37:21+00:00\" \/>\n<meta property=\"og:image\" content=\"https:\/\/turkmaarifkoleji.org\/wp-content\/uploads\/2024\/10\/halk-dans.jpg\" \/>\n\t<meta property=\"og:image:width\" content=\"2040\" \/>\n\t<meta property=\"og:image:height\" content=\"1536\" \/>\n\t<meta property=\"og:image:type\" content=\"image\/jpeg\" \/>\n<meta name=\"author\" content=\"tmk\" \/>\n<meta name=\"twitter:card\" content=\"summary_large_image\" \/>\n<meta name=\"twitter:label1\" content=\"Written by\" \/>\n\t<meta name=\"twitter:data1\" content=\"tmk\" \/>\n\t<meta name=\"twitter:label2\" content=\"Est. reading time\" \/>\n\t<meta name=\"twitter:data2\" content=\"1 minute\" \/>\n<script type=\"application\/ld+json\" class=\"yoast-schema-graph\">{\"@context\":\"https:\/\/schema.org\",\"@graph\":[{\"@type\":\"Article\",\"@id\":\"https:\/\/turkmaarifkoleji.org\/tmk-halk-danslari-kulubu\/#article\",\"isPartOf\":{\"@id\":\"https:\/\/turkmaarifkoleji.org\/tmk-halk-danslari-kulubu\/\"},\"author\":{\"name\":\"tmk\",\"@id\":\"https:\/\/turkmaarifkoleji.org\/en\/#\/schema\/person\/e067ef4acf320b5b1a44aff4fa64e7e8\"},\"headline\":\"TMK Halk Danslar\u0131 Kul\u00fcb\u00fc\",\"datePublished\":\"2024-10-17T16:37:21+00:00\",\"mainEntityOfPage\":{\"@id\":\"https:\/\/turkmaarifkoleji.org\/tmk-halk-danslari-kulubu\/\"},\"wordCount\":34,\"publisher\":{\"@id\":\"https:\/\/turkmaarifkoleji.org\/en\/#organization\"},\"image\":{\"@id\":\"https:\/\/turkmaarifkoleji.org\/tmk-halk-danslari-kulubu\/#primaryimage\"},\"thumbnailUrl\":\"https:\/\/turkmaarifkoleji.org\/wp-content\/uploads\/2024\/10\/halk-dans-300x226.jpg\",\"articleSection\":[\"Duyuru\"],\"inLanguage\":\"en-US\"},{\"@type\":\"WebPage\",\"@id\":\"https:\/\/turkmaarifkoleji.org\/tmk-halk-danslari-kulubu\/\",\"url\":\"https:\/\/turkmaarifkoleji.org\/tmk-halk-danslari-kulubu\/\",\"name\":\"TMK Halk Danslar\u0131 Kul\u00fcb\u00fc - T\u00fcrk Maarif Koleji\",\"isPartOf\":{\"@id\":\"https:\/\/turkmaarifkoleji.org\/en\/#website\"},\"primaryImageOfPage\":{\"@id\":\"https:\/\/turkmaarifkoleji.org\/tmk-halk-danslari-kulubu\/#primaryimage\"},\"image\":{\"@id\":\"https:\/\/turkmaarifkoleji.org\/tmk-halk-danslari-kulubu\/#primaryimage\"},\"thumbnailUrl\":\"https:\/\/turkmaarifkoleji.org\/wp-content\/uploads\/2024\/10\/halk-dans-300x226.jpg\",\"datePublished\":\"2024-10-17T16:37:21+00:00\",\"breadcrumb\":{\"@id\":\"https:\/\/turkmaarifkoleji.org\/tmk-halk-danslari-kulubu\/#breadcrumb\"},\"inLanguage\":\"en-US\",\"potentialAction\":[{\"@type\":\"ReadAction\",\"target\":[\"https:\/\/turkmaarifkoleji.org\/tmk-halk-danslari-kulubu\/\"]}]},{\"@type\":\"ImageObject\",\"inLanguage\":\"en-US\",\"@id\":\"https:\/\/turkmaarifkoleji.org\/tmk-halk-danslari-kulubu\/#primaryimage\",\"url\":\"https:\/\/turkmaarifkoleji.org\/wp-content\/uploads\/2024\/10\/halk-dans-300x226.jpg\",\"contentUrl\":\"https:\/\/turkmaarifkoleji.org\/wp-content\/uploads\/2024\/10\/halk-dans-300x226.jpg\"},{\"@type\":\"BreadcrumbList\",\"@id\":\"https:\/\/turkmaarifkoleji.org\/tmk-halk-danslari-kulubu\/#breadcrumb\",\"itemListElement\":[{\"@type\":\"ListItem\",\"position\":1,\"name\":\"Anasayfa\",\"item\":\"https:\/\/turkmaarifkoleji.org\/\"},{\"@type\":\"ListItem\",\"position\":2,\"name\":\"TMK Halk Danslar\u0131 Kul\u00fcb\u00fc\"}]},{\"@type\":\"WebSite\",\"@id\":\"https:\/\/turkmaarifkoleji.org\/en\/#website\",\"url\":\"https:\/\/turkmaarifkoleji.org\/en\/\",\"name\":\"T\u00fcrk Maarif Koleji\",\"description\":\"D\u00fcnyaya A\u00e7\u0131lan Kap\u0131\",\"publisher\":{\"@id\":\"https:\/\/turkmaarifkoleji.org\/en\/#organization\"},\"potentialAction\":[{\"@type\":\"SearchAction\",\"target\":{\"@type\":\"EntryPoint\",\"urlTemplate\":\"https:\/\/turkmaarifkoleji.org\/en\/?s={search_term_string}\"},\"query-input\":{\"@type\":\"PropertyValueSpecification\",\"valueRequired\":true,\"valueName\":\"search_term_string\"}}],\"inLanguage\":\"en-US\"},{\"@type\":\"Organization\",\"@id\":\"https:\/\/turkmaarifkoleji.org\/en\/#organization\",\"name\":\"T\u00fcrk Maarif Koleji\",\"alternateName\":\"TMK\",\"url\":\"https:\/\/turkmaarifkoleji.org\/en\/\",\"logo\":{\"@type\":\"ImageObject\",\"inLanguage\":\"en-US\",\"@id\":\"https:\/\/turkmaarifkoleji.org\/en\/#\/schema\/logo\/image\/\",\"url\":\"https:\/\/turkmaarifkoleji.org\/wp-content\/uploads\/2023\/08\/Turk_Maarif_Koleji-1.svg\",\"contentUrl\":\"https:\/\/turkmaarifkoleji.org\/wp-content\/uploads\/2023\/08\/Turk_Maarif_Koleji-1.svg\",\"width\":120,\"height\":160,\"caption\":\"T\u00fcrk Maarif Koleji\"},\"image\":{\"@id\":\"https:\/\/turkmaarifkoleji.org\/en\/#\/schema\/logo\/image\/\"},\"sameAs\":[\"https:\/\/www.facebook.com\/tmkcyprus\/\",\"https:\/\/www.instagram.com\/turkmaarifkolejitmk\/\"]},{\"@type\":\"Person\",\"@id\":\"https:\/\/turkmaarifkoleji.org\/en\/#\/schema\/person\/e067ef4acf320b5b1a44aff4fa64e7e8\",\"name\":\"tmk\",\"image\":{\"@type\":\"ImageObject\",\"inLanguage\":\"en-US\",\"@id\":\"https:\/\/turkmaarifkoleji.org\/en\/#\/schema\/person\/image\/\",\"url\":\"https:\/\/secure.gravatar.com\/avatar\/f02b16645d4024804b9f447d1dacdc312f0f8c162706d7ed2479e20148949009?s=96&d=mm&r=g\",\"contentUrl\":\"https:\/\/secure.gravatar.com\/avatar\/f02b16645d4024804b9f447d1dacdc312f0f8c162706d7ed2479e20148949009?s=96&d=mm&r=g\",\"caption\":\"tmk\"},\"sameAs\":[\"https:\/\/turkmaarifkoleji.org\"],\"url\":\"https:\/\/turkmaarifkoleji.org\/en\/author\/tmk\/\"}]}<\/script>\n<!-- \/ Yoast SEO plugin. -->","yoast_head_json":{"title":"TMK Halk Danslar\u0131 Kul\u00fcb\u00fc - T\u00fcrk Maarif Koleji","robots":{"index":"index","follow":"follow","max-snippet":"max-snippet:-1","max-image-preview":"max-image-preview:large","max-video-preview":"max-video-preview:-1"},"canonical":"https:\/\/turkmaarifkoleji.org\/en\/tmk-halk-danslari-kulubu\/","og_locale":"en_US","og_type":"article","og_title":"TMK Halk Danslar\u0131 Kul\u00fcb\u00fc - T\u00fcrk Maarif Koleji","og_description":"TMK Halk Danslar\u0131 Kul\u00fcb\u00fc 2024-2025 E\u011fitim ve \u00d6\u011fretim Y\u0131l\u0131 \u00e7al\u0131\u015fmalar\u0131na ba\u015flam\u0131\u015ft\u0131r. Kat\u0131lmak isteyen \u00f6\u011frencilerimiz okul sekreterli\u011finden kay\u0131t yapabilir","og_url":"https:\/\/turkmaarifkoleji.org\/en\/tmk-halk-danslari-kulubu\/","og_site_name":"T\u00fcrk Maarif Koleji","article_publisher":"https:\/\/www.facebook.com\/tmkcyprus\/","article_published_time":"2024-10-17T16:37:21+00:00","og_image":[{"width":2040,"height":1536,"url":"https:\/\/turkmaarifkoleji.org\/wp-content\/uploads\/2024\/10\/halk-dans.jpg","type":"image\/jpeg"}],"author":"tmk","twitter_card":"summary_large_image","twitter_misc":{"Written by":"tmk","Est. reading time":"1 minute"},"schema":{"@context":"https:\/\/schema.org","@graph":[{"@type":"Article","@id":"https:\/\/turkmaarifkoleji.org\/tmk-halk-danslari-kulubu\/#article","isPartOf":{"@id":"https:\/\/turkmaarifkoleji.org\/tmk-halk-danslari-kulubu\/"},"author":{"name":"tmk","@id":"https:\/\/turkmaarifkoleji.org\/en\/#\/schema\/person\/e067ef4acf320b5b1a44aff4fa64e7e8"},"headline":"TMK Halk Danslar\u0131 Kul\u00fcb\u00fc","datePublished":"2024-10-17T16:37:21+00:00","mainEntityOfPage":{"@id":"https:\/\/turkmaarifkoleji.org\/tmk-halk-danslari-kulubu\/"},"wordCount":34,"publisher":{"@id":"https:\/\/turkmaarifkoleji.org\/en\/#organization"},"image":{"@id":"https:\/\/turkmaarifkoleji.org\/tmk-halk-danslari-kulubu\/#primaryimage"},"thumbnailUrl":"https:\/\/turkmaarifkoleji.org\/wp-content\/uploads\/2024\/10\/halk-dans-300x226.jpg","articleSection":["Duyuru"],"inLanguage":"en-US"},{"@type":"WebPage","@id":"https:\/\/turkmaarifkoleji.org\/tmk-halk-danslari-kulubu\/","url":"https:\/\/turkmaarifkoleji.org\/tmk-halk-danslari-kulubu\/","name":"TMK Halk Danslar\u0131 Kul\u00fcb\u00fc - T\u00fcrk Maarif Koleji","isPartOf":{"@id":"https:\/\/turkmaarifkoleji.org\/en\/#website"},"primaryImageOfPage":{"@id":"https:\/\/turkmaarifkoleji.org\/tmk-halk-danslari-kulubu\/#primaryimage"},"image":{"@id":"https:\/\/turkmaarifkoleji.org\/tmk-halk-danslari-kulubu\/#primaryimage"},"thumbnailUrl":"https:\/\/turkmaarifkoleji.org\/wp-content\/uploads\/2024\/10\/halk-dans-300x226.jpg","datePublished":"2024-10-17T16:37:21+00:00","breadcrumb":{"@id":"https:\/\/turkmaarifkoleji.org\/tmk-halk-danslari-kulubu\/#breadcrumb"},"inLanguage":"en-US","potentialAction":[{"@type":"ReadAction","target":["https:\/\/turkmaarifkoleji.org\/tmk-halk-danslari-kulubu\/"]}]},{"@type":"ImageObject","inLanguage":"en-US","@id":"https:\/\/turkmaarifkoleji.org\/tmk-halk-danslari-kulubu\/#primaryimage","url":"https:\/\/turkmaarifkoleji.org\/wp-content\/uploads\/2024\/10\/halk-dans-300x226.jpg","contentUrl":"https:\/\/turkmaarifkoleji.org\/wp-content\/uploads\/2024\/10\/halk-dans-300x226.jpg"},{"@type":"BreadcrumbList","@id":"https:\/\/turkmaarifkoleji.org\/tmk-halk-danslari-kulubu\/#breadcrumb","itemListElement":[{"@type":"ListItem","position":1,"name":"Anasayfa","item":"https:\/\/turkmaarifkoleji.org\/"},{"@type":"ListItem","position":2,"name":"TMK Halk Danslar\u0131 Kul\u00fcb\u00fc"}]},{"@type":"WebSite","@id":"https:\/\/turkmaarifkoleji.org\/en\/#website","url":"https:\/\/turkmaarifkoleji.org\/en\/","name":"T\u00fcrk Maarif College","description":"A Gateway to the World","publisher":{"@id":"https:\/\/turkmaarifkoleji.org\/en\/#organization"},"potentialAction":[{"@type":"SearchAction","target":{"@type":"EntryPoint","urlTemplate":"https:\/\/turkmaarifkoleji.org\/en\/?s={search_term_string}"},"query-input":{"@type":"PropertyValueSpecification","valueRequired":true,"valueName":"search_term_string"}}],"inLanguage":"en-US"},{"@type":"Organization","@id":"https:\/\/turkmaarifkoleji.org\/en\/#organization","name":"T\u00fcrk Maarif College","alternateName":"TMK","url":"https:\/\/turkmaarifkoleji.org\/en\/","logo":{"@type":"ImageObject","inLanguage":"en-US","@id":"https:\/\/turkmaarifkoleji.org\/en\/#\/schema\/logo\/image\/","url":"https:\/\/turkmaarifkoleji.org\/wp-content\/uploads\/2023\/08\/Turk_Maarif_Koleji-1.svg","contentUrl":"https:\/\/turkmaarifkoleji.org\/wp-content\/uploads\/2023\/08\/Turk_Maarif_Koleji-1.svg","width":120,"height":160,"caption":"T\u00fcrk Maarif Koleji"},"image":{"@id":"https:\/\/turkmaarifkoleji.org\/en\/#\/schema\/logo\/image\/"},"sameAs":["https:\/\/www.facebook.com\/tmkcyprus\/","https:\/\/www.instagram.com\/turkmaarifkolejitmk\/"]},{"@type":"Person","@id":"https:\/\/turkmaarifkoleji.org\/en\/#\/schema\/person\/e067ef4acf320b5b1a44aff4fa64e7e8","name":"tmk","image":{"@type":"ImageObject","inLanguage":"en-US","@id":"https:\/\/turkmaarifkoleji.org\/en\/#\/schema\/person\/image\/","url":"https:\/\/secure.gravatar.com\/avatar\/f02b16645d4024804b9f447d1dacdc312f0f8c162706d7ed2479e20148949009?s=96&d=mm&r=g","contentUrl":"https:\/\/secure.gravatar.com\/avatar\/f02b16645d4024804b9f447d1dacdc312f0f8c162706d7ed2479e20148949009?s=96&d=mm&r=g","caption":"tmk"},"sameAs":["https:\/\/turkmaarifkoleji.org"],"url":"https:\/\/turkmaarifkoleji.org\/en\/author\/tmk\/"}]}},"_links":{"self":[{"href":"https:\/\/turkmaarifkoleji.org\/en\/wp-json\/wp\/v2\/posts\/6946","targetHints":{"allow":["GET"]}}],"collection":[{"href":"https:\/\/turkmaarifkoleji.org\/en\/wp-json\/wp\/v2\/posts"}],"about":[{"href":"https:\/\/turkmaarifkoleji.org\/en\/wp-json\/wp\/v2\/types\/post"}],"author":[{"embeddable":true,"href":"https:\/\/turkmaarifkoleji.org\/en\/wp-json\/wp\/v2\/users\/1"}],"replies":[{"embeddable":true,"href":"https:\/\/turkmaarifkoleji.org\/en\/wp-json\/wp\/v2\/comments?post=6946"}],"version-history":[{"count":0,"href":"https:\/\/turkmaarifkoleji.org\/en\/wp-json\/wp\/v2\/posts\/6946\/revisions"}],"wp:attachment":[{"href":"https:\/\/turkmaarifkoleji.org\/en\/wp-json\/wp\/v2\/media?parent=6946"}],"wp:term":[{"taxonomy":"category","embeddable":true,"href":"https:\/\/turkmaarifkoleji.org\/en\/wp-json\/wp\/v2\/categories?post=6946"},{"taxonomy":"post_tag","embeddable":true,"href":"https:\/\/turkmaarifkoleji.org\/en\/wp-json\/wp\/v2\/tags?post=6946"}],"curies":[{"name":"wp","href":"https:\/\/api.w.org\/{rel}","templated":true}]}}