{"id":1923,"date":"2023-07-31T13:56:42","date_gmt":"2023-07-31T10:56:42","guid":{"rendered":"https:\/\/college.iseri.eu\/?p=1923"},"modified":"2023-07-31T13:56:42","modified_gmt":"2023-07-31T10:56:42","slug":"okul-uniformalari","status":"publish","type":"post","link":"https:\/\/turkmaarifkoleji.org\/en\/okul-uniformalari\/","title":{"rendered":"Okul \u00dcniformalar\u0131"},"content":{"rendered":"<p>Okul \u00dcniforman\u0131z\u0131, anla\u015fmam\u0131z olan Leman Ticaret satmaktad\u0131r.\u00a0 19 A\u011fustos 2023 tarihine kadar Leman Ticaret&#8217;e gidip \u00f6l\u00e7\u00fclerinizi ve sipari\u015finizi verdi\u011finiz takdirde \u00fcniforman\u0131z\u0131 d\u00fc\u015f\u00fck fiyat&#8217;tan alabileceksiniz. 19 A\u011fustos 2023 tarihinden sonra fiyatlar de\u011fi\u015fecektir. Okulun a\u00e7\u0131ld\u0131\u011f\u0131 ilk g\u00fcnden itibaren okulda \u00fcniforma giyilmesi gerekmektedir bu y\u00fczden \u015fipari\u015finizi zaman\u0131nda vermeniz \u00e7ok \u00f6nemlidir.<\/p>\n<p>(Leman Ticaret Ltd. Yeni Organize Saniy B\u00f6lgesi, Atat\u00fcrk Stadyumu Kar\u015f\u0131s\u0131, Lefko\u015fa. Tel No: 0392 225 2231)<\/p>","protected":false},"excerpt":{"rendered":"<p>Okul \u00dcniforman\u0131z\u0131, anla\u015fmam\u0131z olan Leman Ticaret satmaktad\u0131r.\u00a0 19 A\u011fustos 2023 tarihine kadar Leman Ticaret&#8217;e gidip \u00f6l\u00e7\u00fclerinizi ve sipari\u015finizi verdi\u011finiz takdirde \u00fcniforman\u0131z\u0131 d\u00fc\u015f\u00fck fiyat&#8217;tan alabileceksiniz. 19 A\u011fustos 2023 tarihinden sonra fiyatlar de\u011fi\u015fecektir. Okulun a\u00e7\u0131ld\u0131\u011f\u0131 ilk g\u00fcnden itibaren okulda \u00fcniforma giyilmesi gerekmektedir bu y\u00fczden \u015fipari\u015finizi zaman\u0131nda vermeniz \u00e7ok \u00f6nemlidir. (Leman Ticaret Ltd. Yeni Organize Saniy B\u00f6lgesi, Atat\u00fcrk&#8230;<\/p>","protected":false},"author":1,"featured_media":0,"comment_status":"closed","ping_status":"open","sticky":false,"template":"","format":"standard","meta":{"_kad_post_transparent":"","_kad_post_title":"","_kad_post_layout":"","_kad_post_sidebar_id":"","_kad_post_content_style":"","_kad_post_vertical_padding":"","_kad_post_feature":"","_kad_post_feature_position":"","_kad_post_header":false,"_kad_post_footer":false,"footnotes":""},"categories":[1],"tags":[],"class_list":["post-1923","post","type-post","status-publish","format-standard","hentry","category-duyuru"],"yoast_head":"<!-- This site is optimized with the Yoast SEO plugin v25.9 - https:\/\/yoast.com\/wordpress\/plugins\/seo\/ -->\n<title>Okul \u00dcniformalar\u0131 - T\u00fcrk Maarif Koleji<\/title>\n<meta name=\"robots\" content=\"index, follow, max-snippet:-1, max-image-preview:large, max-video-preview:-1\" \/>\n<link rel=\"canonical\" href=\"https:\/\/turkmaarifkoleji.org\/en\/okul-uniformalari\/\" \/>\n<meta property=\"og:locale\" content=\"en_US\" \/>\n<meta property=\"og:type\" content=\"article\" \/>\n<meta property=\"og:title\" content=\"Okul \u00dcniformalar\u0131 - T\u00fcrk Maarif Koleji\" \/>\n<meta property=\"og:description\" content=\"Okul \u00dcniforman\u0131z\u0131, anla\u015fmam\u0131z olan Leman Ticaret satmaktad\u0131r.\u00a0 19 A\u011fustos 2023 tarihine kadar Leman Ticaret&#8217;e gidip \u00f6l\u00e7\u00fclerinizi ve sipari\u015finizi verdi\u011finiz takdirde \u00fcniforman\u0131z\u0131 d\u00fc\u015f\u00fck fiyat&#8217;tan alabileceksiniz. 19 A\u011fustos 2023 tarihinden sonra fiyatlar de\u011fi\u015fecektir. Okulun a\u00e7\u0131ld\u0131\u011f\u0131 ilk g\u00fcnden itibaren okulda \u00fcniforma giyilmesi gerekmektedir bu y\u00fczden \u015fipari\u015finizi zaman\u0131nda vermeniz \u00e7ok \u00f6nemlidir. (Leman Ticaret Ltd. Yeni Organize Saniy B\u00f6lgesi, Atat\u00fcrk...\" \/>\n<meta property=\"og:url\" content=\"https:\/\/turkmaarifkoleji.org\/en\/okul-uniformalari\/\" \/>\n<meta property=\"og:site_name\" content=\"T\u00fcrk Maarif Koleji\" \/>\n<meta property=\"article:publisher\" content=\"https:\/\/www.facebook.com\/tmkcyprus\/\" \/>\n<meta property=\"article:published_time\" content=\"2023-07-31T10:56:42+00:00\" \/>\n<meta property=\"og:image\" content=\"https:\/\/turkmaarifkoleji.org\/wp-content\/uploads\/2023\/07\/Turk_Maarif_Koleji_logo-1.png\" \/>\n\t<meta property=\"og:image:width\" content=\"477\" \/>\n\t<meta property=\"og:image:height\" content=\"160\" \/>\n\t<meta property=\"og:image:type\" content=\"image\/png\" \/>\n<meta name=\"author\" content=\"tmk\" \/>\n<meta name=\"twitter:card\" content=\"summary_large_image\" \/>\n<meta name=\"twitter:label1\" content=\"Written by\" \/>\n\t<meta name=\"twitter:data1\" content=\"tmk\" \/>\n<script type=\"application\/ld+json\" class=\"yoast-schema-graph\">{\"@context\":\"https:\/\/schema.org\",\"@graph\":[{\"@type\":\"Article\",\"@id\":\"https:\/\/turkmaarifkoleji.org\/okul-uniformalari\/#article\",\"isPartOf\":{\"@id\":\"https:\/\/turkmaarifkoleji.org\/okul-uniformalari\/\"},\"author\":{\"name\":\"tmk\",\"@id\":\"https:\/\/turkmaarifkoleji.org\/en\/#\/schema\/person\/e067ef4acf320b5b1a44aff4fa64e7e8\"},\"headline\":\"Okul \u00dcniformalar\u0131\",\"datePublished\":\"2023-07-31T10:56:42+00:00\",\"mainEntityOfPage\":{\"@id\":\"https:\/\/turkmaarifkoleji.org\/okul-uniformalari\/\"},\"wordCount\":82,\"publisher\":{\"@id\":\"https:\/\/turkmaarifkoleji.org\/en\/#organization\"},\"articleSection\":[\"Duyuru\"],\"inLanguage\":\"en-US\"},{\"@type\":\"WebPage\",\"@id\":\"https:\/\/turkmaarifkoleji.org\/okul-uniformalari\/\",\"url\":\"https:\/\/turkmaarifkoleji.org\/okul-uniformalari\/\",\"name\":\"Okul \u00dcniformalar\u0131 - T\u00fcrk Maarif Koleji\",\"isPartOf\":{\"@id\":\"https:\/\/turkmaarifkoleji.org\/en\/#website\"},\"datePublished\":\"2023-07-31T10:56:42+00:00\",\"breadcrumb\":{\"@id\":\"https:\/\/turkmaarifkoleji.org\/okul-uniformalari\/#breadcrumb\"},\"inLanguage\":\"en-US\",\"potentialAction\":[{\"@type\":\"ReadAction\",\"target\":[\"https:\/\/turkmaarifkoleji.org\/okul-uniformalari\/\"]}]},{\"@type\":\"BreadcrumbList\",\"@id\":\"https:\/\/turkmaarifkoleji.org\/okul-uniformalari\/#breadcrumb\",\"itemListElement\":[{\"@type\":\"ListItem\",\"position\":1,\"name\":\"Anasayfa\",\"item\":\"https:\/\/turkmaarifkoleji.org\/\"},{\"@type\":\"ListItem\",\"position\":2,\"name\":\"Okul \u00dcniformalar\u0131\"}]},{\"@type\":\"WebSite\",\"@id\":\"https:\/\/turkmaarifkoleji.org\/en\/#website\",\"url\":\"https:\/\/turkmaarifkoleji.org\/en\/\",\"name\":\"T\u00fcrk Maarif Koleji\",\"description\":\"D\u00fcnyaya A\u00e7\u0131lan Kap\u0131\",\"publisher\":{\"@id\":\"https:\/\/turkmaarifkoleji.org\/en\/#organization\"},\"potentialAction\":[{\"@type\":\"SearchAction\",\"target\":{\"@type\":\"EntryPoint\",\"urlTemplate\":\"https:\/\/turkmaarifkoleji.org\/en\/?s={search_term_string}\"},\"query-input\":{\"@type\":\"PropertyValueSpecification\",\"valueRequired\":true,\"valueName\":\"search_term_string\"}}],\"inLanguage\":\"en-US\"},{\"@type\":\"Organization\",\"@id\":\"https:\/\/turkmaarifkoleji.org\/en\/#organization\",\"name\":\"T\u00fcrk Maarif Koleji\",\"alternateName\":\"TMK\",\"url\":\"https:\/\/turkmaarifkoleji.org\/en\/\",\"logo\":{\"@type\":\"ImageObject\",\"inLanguage\":\"en-US\",\"@id\":\"https:\/\/turkmaarifkoleji.org\/en\/#\/schema\/logo\/image\/\",\"url\":\"https:\/\/turkmaarifkoleji.org\/wp-content\/uploads\/2023\/08\/Turk_Maarif_Koleji-1.svg\",\"contentUrl\":\"https:\/\/turkmaarifkoleji.org\/wp-content\/uploads\/2023\/08\/Turk_Maarif_Koleji-1.svg\",\"width\":120,\"height\":160,\"caption\":\"T\u00fcrk Maarif Koleji\"},\"image\":{\"@id\":\"https:\/\/turkmaarifkoleji.org\/en\/#\/schema\/logo\/image\/\"},\"sameAs\":[\"https:\/\/www.facebook.com\/tmkcyprus\/\",\"https:\/\/www.instagram.com\/turkmaarifkolejitmk\/\"]},{\"@type\":\"Person\",\"@id\":\"https:\/\/turkmaarifkoleji.org\/en\/#\/schema\/person\/e067ef4acf320b5b1a44aff4fa64e7e8\",\"name\":\"tmk\",\"image\":{\"@type\":\"ImageObject\",\"inLanguage\":\"en-US\",\"@id\":\"https:\/\/turkmaarifkoleji.org\/en\/#\/schema\/person\/image\/\",\"url\":\"https:\/\/secure.gravatar.com\/avatar\/f02b16645d4024804b9f447d1dacdc312f0f8c162706d7ed2479e20148949009?s=96&d=mm&r=g\",\"contentUrl\":\"https:\/\/secure.gravatar.com\/avatar\/f02b16645d4024804b9f447d1dacdc312f0f8c162706d7ed2479e20148949009?s=96&d=mm&r=g\",\"caption\":\"tmk\"},\"sameAs\":[\"https:\/\/turkmaarifkoleji.org\"],\"url\":\"https:\/\/turkmaarifkoleji.org\/en\/author\/tmk\/\"}]}<\/script>\n<!-- \/ Yoast SEO plugin. -->","yoast_head_json":{"title":"Okul \u00dcniformalar\u0131 - T\u00fcrk Maarif Koleji","robots":{"index":"index","follow":"follow","max-snippet":"max-snippet:-1","max-image-preview":"max-image-preview:large","max-video-preview":"max-video-preview:-1"},"canonical":"https:\/\/turkmaarifkoleji.org\/en\/okul-uniformalari\/","og_locale":"en_US","og_type":"article","og_title":"Okul \u00dcniformalar\u0131 - T\u00fcrk Maarif Koleji","og_description":"Okul \u00dcniforman\u0131z\u0131, anla\u015fmam\u0131z olan Leman Ticaret satmaktad\u0131r.\u00a0 19 A\u011fustos 2023 tarihine kadar Leman Ticaret&#8217;e gidip \u00f6l\u00e7\u00fclerinizi ve sipari\u015finizi verdi\u011finiz takdirde \u00fcniforman\u0131z\u0131 d\u00fc\u015f\u00fck fiyat&#8217;tan alabileceksiniz. 19 A\u011fustos 2023 tarihinden sonra fiyatlar de\u011fi\u015fecektir. Okulun a\u00e7\u0131ld\u0131\u011f\u0131 ilk g\u00fcnden itibaren okulda \u00fcniforma giyilmesi gerekmektedir bu y\u00fczden \u015fipari\u015finizi zaman\u0131nda vermeniz \u00e7ok \u00f6nemlidir. (Leman Ticaret Ltd. Yeni Organize Saniy B\u00f6lgesi, Atat\u00fcrk...","og_url":"https:\/\/turkmaarifkoleji.org\/en\/okul-uniformalari\/","og_site_name":"T\u00fcrk Maarif Koleji","article_publisher":"https:\/\/www.facebook.com\/tmkcyprus\/","article_published_time":"2023-07-31T10:56:42+00:00","og_image":[{"width":477,"height":160,"url":"https:\/\/turkmaarifkoleji.org\/wp-content\/uploads\/2023\/07\/Turk_Maarif_Koleji_logo-1.png","type":"image\/png"}],"author":"tmk","twitter_card":"summary_large_image","twitter_misc":{"Written by":"tmk"},"schema":{"@context":"https:\/\/schema.org","@graph":[{"@type":"Article","@id":"https:\/\/turkmaarifkoleji.org\/okul-uniformalari\/#article","isPartOf":{"@id":"https:\/\/turkmaarifkoleji.org\/okul-uniformalari\/"},"author":{"name":"tmk","@id":"https:\/\/turkmaarifkoleji.org\/en\/#\/schema\/person\/e067ef4acf320b5b1a44aff4fa64e7e8"},"headline":"Okul \u00dcniformalar\u0131","datePublished":"2023-07-31T10:56:42+00:00","mainEntityOfPage":{"@id":"https:\/\/turkmaarifkoleji.org\/okul-uniformalari\/"},"wordCount":82,"publisher":{"@id":"https:\/\/turkmaarifkoleji.org\/en\/#organization"},"articleSection":["Duyuru"],"inLanguage":"en-US"},{"@type":"WebPage","@id":"https:\/\/turkmaarifkoleji.org\/okul-uniformalari\/","url":"https:\/\/turkmaarifkoleji.org\/okul-uniformalari\/","name":"Okul \u00dcniformalar\u0131 - T\u00fcrk Maarif Koleji","isPartOf":{"@id":"https:\/\/turkmaarifkoleji.org\/en\/#website"},"datePublished":"2023-07-31T10:56:42+00:00","breadcrumb":{"@id":"https:\/\/turkmaarifkoleji.org\/okul-uniformalari\/#breadcrumb"},"inLanguage":"en-US","potentialAction":[{"@type":"ReadAction","target":["https:\/\/turkmaarifkoleji.org\/okul-uniformalari\/"]}]},{"@type":"BreadcrumbList","@id":"https:\/\/turkmaarifkoleji.org\/okul-uniformalari\/#breadcrumb","itemListElement":[{"@type":"ListItem","position":1,"name":"Anasayfa","item":"https:\/\/turkmaarifkoleji.org\/"},{"@type":"ListItem","position":2,"name":"Okul \u00dcniformalar\u0131"}]},{"@type":"WebSite","@id":"https:\/\/turkmaarifkoleji.org\/en\/#website","url":"https:\/\/turkmaarifkoleji.org\/en\/","name":"T\u00fcrk Maarif College","description":"A Gateway to the World","publisher":{"@id":"https:\/\/turkmaarifkoleji.org\/en\/#organization"},"potentialAction":[{"@type":"SearchAction","target":{"@type":"EntryPoint","urlTemplate":"https:\/\/turkmaarifkoleji.org\/en\/?s={search_term_string}"},"query-input":{"@type":"PropertyValueSpecification","valueRequired":true,"valueName":"search_term_string"}}],"inLanguage":"en-US"},{"@type":"Organization","@id":"https:\/\/turkmaarifkoleji.org\/en\/#organization","name":"T\u00fcrk Maarif College","alternateName":"TMK","url":"https:\/\/turkmaarifkoleji.org\/en\/","logo":{"@type":"ImageObject","inLanguage":"en-US","@id":"https:\/\/turkmaarifkoleji.org\/en\/#\/schema\/logo\/image\/","url":"https:\/\/turkmaarifkoleji.org\/wp-content\/uploads\/2023\/08\/Turk_Maarif_Koleji-1.svg","contentUrl":"https:\/\/turkmaarifkoleji.org\/wp-content\/uploads\/2023\/08\/Turk_Maarif_Koleji-1.svg","width":120,"height":160,"caption":"T\u00fcrk Maarif Koleji"},"image":{"@id":"https:\/\/turkmaarifkoleji.org\/en\/#\/schema\/logo\/image\/"},"sameAs":["https:\/\/www.facebook.com\/tmkcyprus\/","https:\/\/www.instagram.com\/turkmaarifkolejitmk\/"]},{"@type":"Person","@id":"https:\/\/turkmaarifkoleji.org\/en\/#\/schema\/person\/e067ef4acf320b5b1a44aff4fa64e7e8","name":"tmk","image":{"@type":"ImageObject","inLanguage":"en-US","@id":"https:\/\/turkmaarifkoleji.org\/en\/#\/schema\/person\/image\/","url":"https:\/\/secure.gravatar.com\/avatar\/f02b16645d4024804b9f447d1dacdc312f0f8c162706d7ed2479e20148949009?s=96&d=mm&r=g","contentUrl":"https:\/\/secure.gravatar.com\/avatar\/f02b16645d4024804b9f447d1dacdc312f0f8c162706d7ed2479e20148949009?s=96&d=mm&r=g","caption":"tmk"},"sameAs":["https:\/\/turkmaarifkoleji.org"],"url":"https:\/\/turkmaarifkoleji.org\/en\/author\/tmk\/"}]}},"_links":{"self":[{"href":"https:\/\/turkmaarifkoleji.org\/en\/wp-json\/wp\/v2\/posts\/1923","targetHints":{"allow":["GET"]}}],"collection":[{"href":"https:\/\/turkmaarifkoleji.org\/en\/wp-json\/wp\/v2\/posts"}],"about":[{"href":"https:\/\/turkmaarifkoleji.org\/en\/wp-json\/wp\/v2\/types\/post"}],"author":[{"embeddable":true,"href":"https:\/\/turkmaarifkoleji.org\/en\/wp-json\/wp\/v2\/users\/1"}],"replies":[{"embeddable":true,"href":"https:\/\/turkmaarifkoleji.org\/en\/wp-json\/wp\/v2\/comments?post=1923"}],"version-history":[{"count":0,"href":"https:\/\/turkmaarifkoleji.org\/en\/wp-json\/wp\/v2\/posts\/1923\/revisions"}],"wp:attachment":[{"href":"https:\/\/turkmaarifkoleji.org\/en\/wp-json\/wp\/v2\/media?parent=1923"}],"wp:term":[{"taxonomy":"category","embeddable":true,"href":"https:\/\/turkmaarifkoleji.org\/en\/wp-json\/wp\/v2\/categories?post=1923"},{"taxonomy":"post_tag","embeddable":true,"href":"https:\/\/turkmaarifkoleji.org\/en\/wp-json\/wp\/v2\/tags?post=1923"}],"curies":[{"name":"wp","href":"https:\/\/api.w.org\/{rel}","templated":true}]}}